{"id":18171,"date":"2020-04-07T09:53:14","date_gmt":"2020-04-07T09:53:14","guid":{"rendered":"https:\/\/www.laramblaserveisfuneraris.com\/juntos-lo-superaremos\/"},"modified":"2020-04-08T18:08:45","modified_gmt":"2020-04-08T18:08:45","slug":"juntos-lo-superaremos","status":"publish","type":"post","link":"https:\/\/www.funerarialarambla.com\/es\/juntos-lo-superaremos\/","title":{"rendered":"\u00a1Juntos lo superaremos!"},"content":{"rendered":"<div class=\"fusion-fullwidth fullwidth-box fusion-builder-row-1 nonhundred-percent-fullwidth non-hundred-percent-height-scrolling\" style=\"--awb-border-radius-top-left:0px;--awb-border-radius-top-right:0px;--awb-border-radius-bottom-right:0px;--awb-border-radius-bottom-left:0px;--awb-flex-wrap:wrap;\" ><div class=\"fusion-builder-row fusion-row\"><div class=\"fusion-layout-column fusion_builder_column fusion-builder-column-0 fusion_builder_column_1_1 1_1 fusion-one-full fusion-column-first fusion-column-last\" style=\"--awb-bg-size:cover;\"><div class=\"fusion-column-wrapper fusion-column-has-shadow fusion-flex-column-wrapper-legacy\"><div class=\"fusion-text fusion-text-1\"><p>Somos conscientes de los momentos tan dif\u00edciles que est\u00e1n pasando muchas familias.<br \/>\nPor este motivo, desde <a href=\"http:\/\/laprevisio.cat\">La Previsi\u00f3<\/a> y La Rambla Serveis Funeraris queremos ofreceros sesiones de acompa\u00f1amiento al duelo a cualquier ciudadano de Terrassa que lo necesite.<\/p>\n<p>Mientras dure el estado de alarma y cumpliendo con las medidas, pasamos a continuaci\u00f3n la operativa de las dos entidades:<\/p>\n<\/div><div class=\"fusion-clearfix\"><\/div><\/div><\/div><div class=\"fusion-layout-column fusion_builder_column fusion-builder-column-1 fusion_builder_column_1_2 1_2 fusion-one-half fusion-column-first\" style=\"--awb-bg-size:cover;width:50%;width:calc(50% - ( ( 4% ) * 0.5 ) );margin-right: 4%;\"><div class=\"fusion-column-wrapper fusion-column-has-shadow fusion-flex-column-wrapper-legacy\"><div class=\"fusion-text fusion-text-2\"><h1>Desde La Rambla Serveis Funeraris:<\/h1>\n<ul>\n<li>Garantizamos 24h de asistencia a la familia en el momento del deceso.<\/li>\n<li>Garantizamos la atenci\u00f3n en La Rambla (Rambleta del Pare Alegre, 2, Terrassa), con horario ininterrumpido de 9 a 18h para realizar tramitaciones.<br \/>\nEn caso de que la defunci\u00f3n sea por Covid19, la actual legislaci\u00f3n no nos<br \/>\npermite tramitar con los familiares, por lo que se har\u00e1 telef\u00f3nicamente.<\/li>\n<li>Durante la inhumaci\u00f3n e incineraci\u00f3n del difunto, la asistencia quedar\u00e1 limitada a 3 familiares como m\u00e1ximo.<\/li>\n<li>En todas las defunciones se ofrecer\u00e1 a la familia realizar una ceremonia de<br \/>\ndespedida desde La Rambla, una vez pasado el estado de alarma y cuando el<br \/>\nEstado lo permita.<\/li>\n<li>Asistencia psicol\u00f3gica al duelo gratuita (3 sesiones).<\/li>\n<\/ul>\n<\/div><div class=\"fusion-clearfix\"><\/div><\/div><\/div><div class=\"fusion-layout-column fusion_builder_column fusion-builder-column-2 fusion_builder_column_1_2 1_2 fusion-one-half fusion-column-last\" style=\"--awb-bg-size:cover;width:50%;width:calc(50% - ( ( 4% ) * 0.5 ) );\"><div class=\"fusion-column-wrapper fusion-column-has-shadow fusion-flex-column-wrapper-legacy\"><div class=\"fusion-text fusion-text-3\"><h1>Desde La Previsi\u00f3:<\/h1>\n<p>Garantizamos la atenci\u00f3n en La Previsi\u00f3 (Passeig Comte d\u2019Egara, 2, Terrassa) para Servicios m\u00ednimos y de urgencia con horario de 9 a 13h. As\u00ed como la atenci\u00f3n telef\u00f3nica para cualquier consulta en horario comercial.<\/p>\n<\/div><div class=\"fusion-clearfix\"><\/div><\/div><\/div><div class=\"fusion-layout-column fusion_builder_column fusion-builder-column-3 fusion_builder_column_1_1 1_1 fusion-one-full fusion-column-first fusion-column-last\" style=\"--awb-bg-size:cover;\"><div class=\"fusion-column-wrapper fusion-column-has-shadow fusion-flex-column-wrapper-legacy\"><div class=\"fusion-text fusion-text-4\"><p>Queremos estar con todos vosotros ofreciendo, dentro de la normativa publicada en el BOE con referencia a los servicios funerarios, nuestro mejor servicio apoy\u00e1ndolo con sesiones de acompa\u00f1amiento al duelo gratuitas que realizaran psic\u00f3logos especializados a todas las familias de Terrassa que lo necesitan.<br \/>\nEsperamos que esta situaci\u00f3n pase lo antes posible, y reiteramos nuestro soporte a<br \/>\ntoda la Ciudad de Terrassa, as\u00ed como a todos los sanitarios y servicios m\u00ednimos que<br \/>\nsalen cada d\u00eda para ayudar a la poblaci\u00f3n.<\/p>\n<\/div><div class=\"fusion-clearfix\"><\/div><\/div><\/div><\/div><\/div>\n","protected":false},"excerpt":{"rendered":"","protected":false},"author":5,"featured_media":18169,"comment_status":"closed","ping_status":"open","sticky":false,"template":"","format":"standard","meta":{"footnotes":""},"categories":[54],"tags":[],"class_list":["post-18171","post","type-post","status-publish","format-standard","has-post-thumbnail","hentry","category-actualidad"],"yoast_head":"<!-- This site is optimized with the Yoast SEO plugin v26.8 - https:\/\/yoast.com\/product\/yoast-seo-wordpress\/ -->\n<title>\u00a1Juntos lo superaremos! | La Rambla Serveis Funeraris Terrassa<\/title>\n<meta name=\"robots\" content=\"index, follow, max-snippet:-1, max-image-preview:large, max-video-preview:-1\" \/>\n<link rel=\"canonical\" href=\"https:\/\/www.funerarialarambla.com\/junts-ho-superarem\/\" \/>\n<meta property=\"og:locale\" content=\"es_ES\" \/>\n<meta property=\"og:type\" content=\"article\" \/>\n<meta property=\"og:title\" content=\"\u00a1Juntos lo superaremos! | La Rambla Serveis Funeraris Terrassa\" \/>\n<meta property=\"og:url\" content=\"https:\/\/www.funerarialarambla.com\/junts-ho-superarem\/\" \/>\n<meta property=\"og:site_name\" content=\"La Rambla Serveis Funeraris Terrassa\" \/>\n<meta property=\"article:published_time\" content=\"2020-04-07T09:53:14+00:00\" \/>\n<meta property=\"article:modified_time\" content=\"2020-04-08T18:08:45+00:00\" \/>\n<meta property=\"og:image\" content=\"https:\/\/www.funerarialarambla.com\/wp-content\/uploads\/2020\/04\/Canva-Business-Teamwork-1-711x1024.jpg\" \/>\n\t<meta property=\"og:image:width\" content=\"711\" \/>\n\t<meta property=\"og:image:height\" content=\"1024\" \/>\n\t<meta property=\"og:image:type\" content=\"image\/jpeg\" \/>\n<meta name=\"author\" content=\"serfun\" \/>\n<meta name=\"twitter:card\" content=\"summary_large_image\" \/>\n<meta name=\"twitter:label1\" content=\"Escrito por\" \/>\n\t<meta name=\"twitter:data1\" content=\"serfun\" \/>\n\t<meta name=\"twitter:label2\" content=\"Tiempo de lectura\" \/>\n\t<meta name=\"twitter:data2\" content=\"6 minutos\" \/>\n<script type=\"application\/ld+json\" class=\"yoast-schema-graph\">{\"@context\":\"https:\/\/schema.org\",\"@graph\":[{\"@type\":\"Article\",\"@id\":\"https:\/\/www.funerarialarambla.com\/junts-ho-superarem\/#article\",\"isPartOf\":{\"@id\":\"https:\/\/www.funerarialarambla.com\/junts-ho-superarem\/\"},\"author\":{\"name\":\"serfun\",\"@id\":\"https:\/\/www.funerarialarambla.com\/#\/schema\/person\/a571d884abbbb6ecb1f428262517dc14\"},\"headline\":\"\u00a1Juntos lo superaremos!\",\"datePublished\":\"2020-04-07T09:53:14+00:00\",\"dateModified\":\"2020-04-08T18:08:45+00:00\",\"mainEntityOfPage\":{\"@id\":\"https:\/\/www.funerarialarambla.com\/junts-ho-superarem\/\"},\"wordCount\":1258,\"publisher\":{\"@id\":\"https:\/\/www.funerarialarambla.com\/#organization\"},\"image\":{\"@id\":\"https:\/\/www.funerarialarambla.com\/junts-ho-superarem\/#primaryimage\"},\"thumbnailUrl\":\"https:\/\/www.funerarialarambla.com\/wp-content\/uploads\/2020\/04\/Canva-Business-Teamwork-1.jpg\",\"articleSection\":[\"Actualidad\"],\"inLanguage\":\"es\"},{\"@type\":\"WebPage\",\"@id\":\"https:\/\/www.funerarialarambla.com\/junts-ho-superarem\/\",\"url\":\"https:\/\/www.funerarialarambla.com\/junts-ho-superarem\/\",\"name\":\"\u00a1Juntos lo superaremos! | La Rambla Serveis Funeraris Terrassa\",\"isPartOf\":{\"@id\":\"https:\/\/www.funerarialarambla.com\/#website\"},\"primaryImageOfPage\":{\"@id\":\"https:\/\/www.funerarialarambla.com\/junts-ho-superarem\/#primaryimage\"},\"image\":{\"@id\":\"https:\/\/www.funerarialarambla.com\/junts-ho-superarem\/#primaryimage\"},\"thumbnailUrl\":\"https:\/\/www.funerarialarambla.com\/wp-content\/uploads\/2020\/04\/Canva-Business-Teamwork-1.jpg\",\"datePublished\":\"2020-04-07T09:53:14+00:00\",\"dateModified\":\"2020-04-08T18:08:45+00:00\",\"breadcrumb\":{\"@id\":\"https:\/\/www.funerarialarambla.com\/junts-ho-superarem\/#breadcrumb\"},\"inLanguage\":\"es\",\"potentialAction\":[{\"@type\":\"ReadAction\",\"target\":[\"https:\/\/www.funerarialarambla.com\/junts-ho-superarem\/\"]}]},{\"@type\":\"ImageObject\",\"inLanguage\":\"es\",\"@id\":\"https:\/\/www.funerarialarambla.com\/junts-ho-superarem\/#primaryimage\",\"url\":\"https:\/\/www.funerarialarambla.com\/wp-content\/uploads\/2020\/04\/Canva-Business-Teamwork-1.jpg\",\"contentUrl\":\"https:\/\/www.funerarialarambla.com\/wp-content\/uploads\/2020\/04\/Canva-Business-Teamwork-1.jpg\",\"width\":1777,\"height\":2560,\"caption\":\"Business group with hands together - teamwork concepts\"},{\"@type\":\"BreadcrumbList\",\"@id\":\"https:\/\/www.funerarialarambla.com\/junts-ho-superarem\/#breadcrumb\",\"itemListElement\":[{\"@type\":\"ListItem\",\"position\":1,\"name\":\"Portada\",\"item\":\"https:\/\/www.funerarialarambla.com\/es\/\"},{\"@type\":\"ListItem\",\"position\":2,\"name\":\"\u00a1Juntos lo superaremos!\"}]},{\"@type\":\"WebSite\",\"@id\":\"https:\/\/www.funerarialarambla.com\/#website\",\"url\":\"https:\/\/www.funerarialarambla.com\/\",\"name\":\"Funer\u00e0ria la Rambla Terrassa\",\"description\":\"La Rambla Serveis Funeraris Terrassa\",\"publisher\":{\"@id\":\"https:\/\/www.funerarialarambla.com\/#organization\"},\"potentialAction\":[{\"@type\":\"SearchAction\",\"target\":{\"@type\":\"EntryPoint\",\"urlTemplate\":\"https:\/\/www.funerarialarambla.com\/?s={search_term_string}\"},\"query-input\":{\"@type\":\"PropertyValueSpecification\",\"valueRequired\":true,\"valueName\":\"search_term_string\"}}],\"inLanguage\":\"es\"},{\"@type\":\"Organization\",\"@id\":\"https:\/\/www.funerarialarambla.com\/#organization\",\"name\":\"La Rambla Serveis Funeraris\",\"url\":\"https:\/\/www.funerarialarambla.com\/\",\"logo\":{\"@type\":\"ImageObject\",\"inLanguage\":\"es\",\"@id\":\"https:\/\/www.funerarialarambla.com\/#\/schema\/logo\/image\/\",\"url\":\"https:\/\/www.funerarialarambla.com\/wp-content\/uploads\/2017\/02\/Logo-mobile.png\",\"contentUrl\":\"https:\/\/www.funerarialarambla.com\/wp-content\/uploads\/2017\/02\/Logo-mobile.png\",\"width\":102,\"height\":38,\"caption\":\"La Rambla Serveis Funeraris\"},\"image\":{\"@id\":\"https:\/\/www.funerarialarambla.com\/#\/schema\/logo\/image\/\"}},{\"@type\":\"Person\",\"@id\":\"https:\/\/www.funerarialarambla.com\/#\/schema\/person\/a571d884abbbb6ecb1f428262517dc14\",\"name\":\"serfun\",\"image\":{\"@type\":\"ImageObject\",\"inLanguage\":\"es\",\"@id\":\"https:\/\/www.funerarialarambla.com\/#\/schema\/person\/image\/\",\"url\":\"https:\/\/secure.gravatar.com\/avatar\/04e705916932901e937f0fa21beaaca15e31e0320487d15ffcc9c5408a4a7ea2?s=96&d=mm&r=g\",\"contentUrl\":\"https:\/\/secure.gravatar.com\/avatar\/04e705916932901e937f0fa21beaaca15e31e0320487d15ffcc9c5408a4a7ea2?s=96&d=mm&r=g\",\"caption\":\"serfun\"}}]}<\/script>\n<!-- \/ Yoast SEO plugin. -->","yoast_head_json":{"title":"\u00a1Juntos lo superaremos! | La Rambla Serveis Funeraris Terrassa","robots":{"index":"index","follow":"follow","max-snippet":"max-snippet:-1","max-image-preview":"max-image-preview:large","max-video-preview":"max-video-preview:-1"},"canonical":"https:\/\/www.funerarialarambla.com\/junts-ho-superarem\/","og_locale":"es_ES","og_type":"article","og_title":"\u00a1Juntos lo superaremos! | La Rambla Serveis Funeraris Terrassa","og_url":"https:\/\/www.funerarialarambla.com\/junts-ho-superarem\/","og_site_name":"La Rambla Serveis Funeraris Terrassa","article_published_time":"2020-04-07T09:53:14+00:00","article_modified_time":"2020-04-08T18:08:45+00:00","og_image":[{"width":711,"height":1024,"url":"https:\/\/www.funerarialarambla.com\/wp-content\/uploads\/2020\/04\/Canva-Business-Teamwork-1-711x1024.jpg","type":"image\/jpeg"}],"author":"serfun","twitter_card":"summary_large_image","twitter_misc":{"Escrito por":"serfun","Tiempo de lectura":"6 minutos"},"schema":{"@context":"https:\/\/schema.org","@graph":[{"@type":"Article","@id":"https:\/\/www.funerarialarambla.com\/junts-ho-superarem\/#article","isPartOf":{"@id":"https:\/\/www.funerarialarambla.com\/junts-ho-superarem\/"},"author":{"name":"serfun","@id":"https:\/\/www.funerarialarambla.com\/#\/schema\/person\/a571d884abbbb6ecb1f428262517dc14"},"headline":"\u00a1Juntos lo superaremos!","datePublished":"2020-04-07T09:53:14+00:00","dateModified":"2020-04-08T18:08:45+00:00","mainEntityOfPage":{"@id":"https:\/\/www.funerarialarambla.com\/junts-ho-superarem\/"},"wordCount":1258,"publisher":{"@id":"https:\/\/www.funerarialarambla.com\/#organization"},"image":{"@id":"https:\/\/www.funerarialarambla.com\/junts-ho-superarem\/#primaryimage"},"thumbnailUrl":"https:\/\/www.funerarialarambla.com\/wp-content\/uploads\/2020\/04\/Canva-Business-Teamwork-1.jpg","articleSection":["Actualidad"],"inLanguage":"es"},{"@type":"WebPage","@id":"https:\/\/www.funerarialarambla.com\/junts-ho-superarem\/","url":"https:\/\/www.funerarialarambla.com\/junts-ho-superarem\/","name":"\u00a1Juntos lo superaremos! | La Rambla Serveis Funeraris Terrassa","isPartOf":{"@id":"https:\/\/www.funerarialarambla.com\/#website"},"primaryImageOfPage":{"@id":"https:\/\/www.funerarialarambla.com\/junts-ho-superarem\/#primaryimage"},"image":{"@id":"https:\/\/www.funerarialarambla.com\/junts-ho-superarem\/#primaryimage"},"thumbnailUrl":"https:\/\/www.funerarialarambla.com\/wp-content\/uploads\/2020\/04\/Canva-Business-Teamwork-1.jpg","datePublished":"2020-04-07T09:53:14+00:00","dateModified":"2020-04-08T18:08:45+00:00","breadcrumb":{"@id":"https:\/\/www.funerarialarambla.com\/junts-ho-superarem\/#breadcrumb"},"inLanguage":"es","potentialAction":[{"@type":"ReadAction","target":["https:\/\/www.funerarialarambla.com\/junts-ho-superarem\/"]}]},{"@type":"ImageObject","inLanguage":"es","@id":"https:\/\/www.funerarialarambla.com\/junts-ho-superarem\/#primaryimage","url":"https:\/\/www.funerarialarambla.com\/wp-content\/uploads\/2020\/04\/Canva-Business-Teamwork-1.jpg","contentUrl":"https:\/\/www.funerarialarambla.com\/wp-content\/uploads\/2020\/04\/Canva-Business-Teamwork-1.jpg","width":1777,"height":2560,"caption":"Business group with hands together - teamwork concepts"},{"@type":"BreadcrumbList","@id":"https:\/\/www.funerarialarambla.com\/junts-ho-superarem\/#breadcrumb","itemListElement":[{"@type":"ListItem","position":1,"name":"Portada","item":"https:\/\/www.funerarialarambla.com\/es\/"},{"@type":"ListItem","position":2,"name":"\u00a1Juntos lo superaremos!"}]},{"@type":"WebSite","@id":"https:\/\/www.funerarialarambla.com\/#website","url":"https:\/\/www.funerarialarambla.com\/","name":"Funer\u00e0ria la Rambla Terrassa","description":"La Rambla Serveis Funeraris Terrassa","publisher":{"@id":"https:\/\/www.funerarialarambla.com\/#organization"},"potentialAction":[{"@type":"SearchAction","target":{"@type":"EntryPoint","urlTemplate":"https:\/\/www.funerarialarambla.com\/?s={search_term_string}"},"query-input":{"@type":"PropertyValueSpecification","valueRequired":true,"valueName":"search_term_string"}}],"inLanguage":"es"},{"@type":"Organization","@id":"https:\/\/www.funerarialarambla.com\/#organization","name":"La Rambla Serveis Funeraris","url":"https:\/\/www.funerarialarambla.com\/","logo":{"@type":"ImageObject","inLanguage":"es","@id":"https:\/\/www.funerarialarambla.com\/#\/schema\/logo\/image\/","url":"https:\/\/www.funerarialarambla.com\/wp-content\/uploads\/2017\/02\/Logo-mobile.png","contentUrl":"https:\/\/www.funerarialarambla.com\/wp-content\/uploads\/2017\/02\/Logo-mobile.png","width":102,"height":38,"caption":"La Rambla Serveis Funeraris"},"image":{"@id":"https:\/\/www.funerarialarambla.com\/#\/schema\/logo\/image\/"}},{"@type":"Person","@id":"https:\/\/www.funerarialarambla.com\/#\/schema\/person\/a571d884abbbb6ecb1f428262517dc14","name":"serfun","image":{"@type":"ImageObject","inLanguage":"es","@id":"https:\/\/www.funerarialarambla.com\/#\/schema\/person\/image\/","url":"https:\/\/secure.gravatar.com\/avatar\/04e705916932901e937f0fa21beaaca15e31e0320487d15ffcc9c5408a4a7ea2?s=96&d=mm&r=g","contentUrl":"https:\/\/secure.gravatar.com\/avatar\/04e705916932901e937f0fa21beaaca15e31e0320487d15ffcc9c5408a4a7ea2?s=96&d=mm&r=g","caption":"serfun"}}]}},"_links":{"self":[{"href":"https:\/\/www.funerarialarambla.com\/es\/wp-json\/wp\/v2\/posts\/18171","targetHints":{"allow":["GET"]}}],"collection":[{"href":"https:\/\/www.funerarialarambla.com\/es\/wp-json\/wp\/v2\/posts"}],"about":[{"href":"https:\/\/www.funerarialarambla.com\/es\/wp-json\/wp\/v2\/types\/post"}],"author":[{"embeddable":true,"href":"https:\/\/www.funerarialarambla.com\/es\/wp-json\/wp\/v2\/users\/5"}],"replies":[{"embeddable":true,"href":"https:\/\/www.funerarialarambla.com\/es\/wp-json\/wp\/v2\/comments?post=18171"}],"version-history":[{"count":2,"href":"https:\/\/www.funerarialarambla.com\/es\/wp-json\/wp\/v2\/posts\/18171\/revisions"}],"predecessor-version":[{"id":18174,"href":"https:\/\/www.funerarialarambla.com\/es\/wp-json\/wp\/v2\/posts\/18171\/revisions\/18174"}],"wp:featuredmedia":[{"embeddable":true,"href":"https:\/\/www.funerarialarambla.com\/es\/wp-json\/wp\/v2\/media\/18169"}],"wp:attachment":[{"href":"https:\/\/www.funerarialarambla.com\/es\/wp-json\/wp\/v2\/media?parent=18171"}],"wp:term":[{"taxonomy":"category","embeddable":true,"href":"https:\/\/www.funerarialarambla.com\/es\/wp-json\/wp\/v2\/categories?post=18171"},{"taxonomy":"post_tag","embeddable":true,"href":"https:\/\/www.funerarialarambla.com\/es\/wp-json\/wp\/v2\/tags?post=18171"}],"curies":[{"name":"wp","href":"https:\/\/api.w.org\/{rel}","templated":true}]}}